{"id":79,"date":"2013-01-28T10:26:31","date_gmt":"2013-01-28T10:26:31","guid":{"rendered":"http:\/\/www.w3.org\/community\/opendataspain\/?p=79"},"modified":"2013-01-28T10:27:38","modified_gmt":"2013-01-28T10:27:38","slug":"seleccion-de-chairs-del-grupo","status":"publish","type":"post","link":"https:\/\/www.w3.org\/community\/opendataspain\/2013\/01\/28\/seleccion-de-chairs-del-grupo\/","title":{"rendered":"Selecci\u00f3n de Chairs del Grupo"},"content":{"rendered":"<p>Para formalizar el proceso de selecci\u00f3n de los Chairs del grupo, he creado la siguiente votaci\u00f3n que nos permite hacer democr\u00e1tica la elecci\u00f3n y conocer la opini\u00f3n de aquellos que no estuvieron en la reuni\u00f3n anterior. Ya que no hay m\u00e1s candidatos, he incluido a aquellos que se propusieron en la anterior reuni\u00f3n &mdash;Marc y Xavier&mdash;, as\u00ed como la propuesta conjunta de Carlos Jimenez y m\u00eda.<\/p>\n<p>[poll=1]<\/p>\n<p>Por favor votad. Pod\u00e9is hacerlo hasta el este <strong>jueves (31 de enero)<\/strong>, incluido.<\/p>\n","protected":false},"excerpt":{"rendered":"<p>Para formalizar el proceso de selecci\u00f3n de los Chairs del grupo, he creado la siguiente votaci\u00f3n que nos permite hacer democr\u00e1tica la elecci\u00f3n y conocer la opini\u00f3n de aquellos que no estuvieron en la reuni\u00f3n anterior. Ya que no hay &hellip; <a href=\"https:\/\/www.w3.org\/community\/opendataspain\/2013\/01\/28\/seleccion-de-chairs-del-grupo\/\">Continue reading <span class=\"meta-nav\">&rarr;<\/span><\/a><\/p>\n","protected":false},"author":2658,"featured_media":0,"comment_status":"open","ping_status":"open","sticky":false,"template":"","format":"standard","meta":{"_s2mail":"yes","footnotes":""},"categories":[1],"tags":[9,8],"class_list":["post-79","post","type-post","status-publish","format-standard","hentry","category-general","tag-chair","tag-poll"],"_links":{"self":[{"href":"https:\/\/www.w3.org\/community\/opendataspain\/wp-json\/wp\/v2\/posts\/79","targetHints":{"allow":["GET"]}}],"collection":[{"href":"https:\/\/www.w3.org\/community\/opendataspain\/wp-json\/wp\/v2\/posts"}],"about":[{"href":"https:\/\/www.w3.org\/community\/opendataspain\/wp-json\/wp\/v2\/types\/post"}],"author":[{"embeddable":true,"href":"https:\/\/www.w3.org\/community\/opendataspain\/wp-json\/wp\/v2\/users\/2658"}],"replies":[{"embeddable":true,"href":"https:\/\/www.w3.org\/community\/opendataspain\/wp-json\/wp\/v2\/comments?post=79"}],"version-history":[{"count":4,"href":"https:\/\/www.w3.org\/community\/opendataspain\/wp-json\/wp\/v2\/posts\/79\/revisions"}],"predecessor-version":[{"id":84,"href":"https:\/\/www.w3.org\/community\/opendataspain\/wp-json\/wp\/v2\/posts\/79\/revisions\/84"}],"wp:attachment":[{"href":"https:\/\/www.w3.org\/community\/opendataspain\/wp-json\/wp\/v2\/media?parent=79"}],"wp:term":[{"taxonomy":"category","embeddable":true,"href":"https:\/\/www.w3.org\/community\/opendataspain\/wp-json\/wp\/v2\/categories?post=79"},{"taxonomy":"post_tag","embeddable":true,"href":"https:\/\/www.w3.org\/community\/opendataspain\/wp-json\/wp\/v2\/tags?post=79"}],"curies":[{"name":"wp","href":"https:\/\/api.w.org\/{rel}","templated":true}]}}