{"id":285,"date":"2016-06-13T11:47:01","date_gmt":"2016-06-13T11:47:01","guid":{"rendered":"https:\/\/www.w3.org\/community\/opendataspain\/?p=285"},"modified":"2016-06-13T11:47:18","modified_gmt":"2016-06-13T11:47:18","slug":"reunion-del-open-data-spain-cg-en-el-tpac-2016","status":"publish","type":"post","link":"https:\/\/www.w3.org\/community\/opendataspain\/2016\/06\/13\/reunion-del-open-data-spain-cg-en-el-tpac-2016\/","title":{"rendered":"Reuni\u00f3n del Open Data Spain CG en el TPAC 2016"},"content":{"rendered":"<p><a href=\"https:\/\/www.w3.org\/2016\/09\/TPAC\/\"><img loading=\"lazy\" decoding=\"async\" class=\"alignleft wp-image-287 size-medium\" src=\"https:\/\/www.w3.org\/community\/opendataspain\/files\/2016\/06\/web_logo-181x300.png\" alt=\"TPAC 2016 Lisbon\" width=\"181\" height=\"300\" srcset=\"https:\/\/www.w3.org\/community\/opendataspain\/files\/2016\/06\/web_logo-181x300.png 181w, https:\/\/www.w3.org\/community\/opendataspain\/files\/2016\/06\/web_logo.png 241w\" sizes=\"auto, (max-width: 181px) 100vw, 181px\" \/><\/a><\/p>\n<p>El pr\u00f3ximo <strong>20 de septiembre se celebrar\u00e1 una reuni\u00f3n del Open Data Spain Community Group<\/strong> en el marco del evento anual del W3C, <a href=\"https:\/\/www.w3.org\/2016\/09\/TPAC\/schedule.html\">TPAC 2016<\/a>. Esta reuni\u00f3n servir\u00e1 como punto de encuentro de los miembros del grupo para explorar potenciales puntos de colaboraci\u00f3n en torno a las \u00faltimas novedades en los distintos proyectos de apertura de datos y reutilizaci\u00f3n de informaci\u00f3n p\u00fablica.<\/p>\n<p>La reuni\u00f3n se llevar\u00e1 a cabo el 20 de septiembre de 15:30 a 17:30, en el <a href=\"https:\/\/www.w3.org\/2016\/09\/TPAC\/#venue\">Centro de Congressos de Lisboa<\/a> (<a href=\"https:\/\/encrypted.google.com\/maps\/place\/Centro+de+Congressos+de+Lisboa\/@38.699459,-9.183731,15z\/data=%214m2%213m1%211s0x0:0x7edb5b2302835436\" target=\"_blank\" rel=\"nofollow\">mapa<\/a>). Los miembros de este Community Group tendr\u00e1n la exclusiva oportunidad de asistir al evento plenario que se celebrar\u00e1 al d\u00eda siguiente (mi\u00e9rcoles 21 <abbr title=\"septiembre\">sep.<\/abbr>). Para ello, es necesario registrarse antes del 2 de septiembre.<\/p>\n<p>Ya puedes consultar m\u00e1s informaci\u00f3n <a href=\"https:\/\/www.w3.org\/2016\/09\/TPAC\/\">sobre el TPAC 2016<\/a>, como el <a href=\"https:\/\/www.w3.org\/2016\/09\/TPAC\/schedule.html\">programa<\/a>,\u00a0el <a href=\"https:\/\/www.w3.org\/2016\/09\/TPAC\/#venue\">lugar del evento<\/a> o los <a href=\"https:\/\/www.w3.org\/2016\/09\/TPAC\/Hotels-Transportation.html#accommodations\">descuentos en los hoteles<\/a>.<\/p>\n<p>De cara a componer una agenda colaborativa de la reuni\u00f3n pod\u00e9is ir haciendo sugerencias (en la <a href=\"http:\/\/lists.w3.org\/Archives\/Public\/public-opendataspain\/\" target=\"_blank\" rel=\"nofollow\">lista <em>public-opendataspain@w3.org<\/em><\/a>) sobre los temas que os gustar\u00eda tratar.<\/p>\n","protected":false},"excerpt":{"rendered":"<p>El pr\u00f3ximo 20 de septiembre se celebrar\u00e1 una reuni\u00f3n del Open Data Spain Community Group en el marco del evento anual del W3C, TPAC 2016. Esta reuni\u00f3n servir\u00e1 como punto de encuentro de los miembros del grupo para explorar potenciales &hellip; <a href=\"https:\/\/www.w3.org\/community\/opendataspain\/2016\/06\/13\/reunion-del-open-data-spain-cg-en-el-tpac-2016\/\">Continue reading <span class=\"meta-nav\">&rarr;<\/span><\/a><\/p>\n","protected":false},"author":2658,"featured_media":287,"comment_status":"open","ping_status":"open","sticky":false,"template":"","format":"standard","meta":{"_s2mail":"yes","footnotes":""},"categories":[4,1],"tags":[37,36,35],"class_list":["post-285","post","type-post","status-publish","format-standard","has-post-thumbnail","hentry","category-evento","category-general","tag-lisboa","tag-reunion","tag-tpac"],"_links":{"self":[{"href":"https:\/\/www.w3.org\/community\/opendataspain\/wp-json\/wp\/v2\/posts\/285","targetHints":{"allow":["GET"]}}],"collection":[{"href":"https:\/\/www.w3.org\/community\/opendataspain\/wp-json\/wp\/v2\/posts"}],"about":[{"href":"https:\/\/www.w3.org\/community\/opendataspain\/wp-json\/wp\/v2\/types\/post"}],"author":[{"embeddable":true,"href":"https:\/\/www.w3.org\/community\/opendataspain\/wp-json\/wp\/v2\/users\/2658"}],"replies":[{"embeddable":true,"href":"https:\/\/www.w3.org\/community\/opendataspain\/wp-json\/wp\/v2\/comments?post=285"}],"version-history":[{"count":6,"href":"https:\/\/www.w3.org\/community\/opendataspain\/wp-json\/wp\/v2\/posts\/285\/revisions"}],"predecessor-version":[{"id":292,"href":"https:\/\/www.w3.org\/community\/opendataspain\/wp-json\/wp\/v2\/posts\/285\/revisions\/292"}],"wp:featuredmedia":[{"embeddable":true,"href":"https:\/\/www.w3.org\/community\/opendataspain\/wp-json\/wp\/v2\/media\/287"}],"wp:attachment":[{"href":"https:\/\/www.w3.org\/community\/opendataspain\/wp-json\/wp\/v2\/media?parent=285"}],"wp:term":[{"taxonomy":"category","embeddable":true,"href":"https:\/\/www.w3.org\/community\/opendataspain\/wp-json\/wp\/v2\/categories?post=285"},{"taxonomy":"post_tag","embeddable":true,"href":"https:\/\/www.w3.org\/community\/opendataspain\/wp-json\/wp\/v2\/tags?post=285"}],"curies":[{"name":"wp","href":"https:\/\/api.w.org\/{rel}","templated":true}]}}