{"id":265,"date":"2014-05-16T13:01:36","date_gmt":"2014-05-16T13:01:36","guid":{"rendered":"http:\/\/www.w3.org\/community\/opendataspain\/?p=265"},"modified":"2014-05-16T13:01:36","modified_gmt":"2014-05-16T13:01:36","slug":"grupo-de-contratacion-publica-5","status":"publish","type":"post","link":"https:\/\/www.w3.org\/community\/opendataspain\/2014\/05\/16\/grupo-de-contratacion-publica-5\/","title":{"rendered":"Grupo de Contrataci\u00f3n P\u00fablica"},"content":{"rendered":"<p style=\"margin-bottom: 0cm\"><a href=\"https:\/\/www.w3.org\/community\/opendataspain\/wiki\/Contrataci%C3%B3n_p%C3%BAblica\">Publicamos la ontolog\u00eda <\/a>generada por el grupo de Contrataci\u00f3n P\u00fablica.<\/p>\n<p style=\"margin-bottom: 0cm\">Es una versi\u00f3n casi definitiva, se est\u00e1n haciendo peque\u00f1as modificaciones al llevarla a la pr\u00e1ctica en los perfiles del contratante de la Diputaci\u00f3n Provincial de Huesca y del Ayuntamiento de Zaragoza.<\/p>\n<p style=\"margin-bottom: 0cm\">En Junio, la Diputaci\u00f3n Provincial de Huesca y el Ayuntamiento de Zaragoza publicar\u00e1n su Perfil de Contratante mediante tripletas RDF en un punto SPARQL.<\/p>\n<p style=\"margin-bottom: 0cm\">Asimismo, en Junio participaremos, junto con los dem\u00e1s miembros del proyecto: Gobierno de Arag\u00f3n, Diputaci\u00f3n Provincial de Huesca, Universidad de Zaragoza, iA Soft-OESIA, el Ayuntamiento de Zaragoza y <a href=\"http:\/\/contsem.unizar.es\/def\/sector-publico\/contratacion.html\" target=\"_blank\" rel=\"nofollow\">colaboradores del grupo<\/a>\u00a0 en una jornada en la que os contaremos, entre otras cosas:<\/p>\n<ul>\n<li>\n<p style=\"margin-bottom: 0cm\">Nuestra experiencia y lecciones aprendidas en la publicaci\u00f3n de informaci\u00f3n de contratos p\u00fablicos.<\/p>\n<\/li>\n<li>Todo lo necesario para que pod\u00e1is empezar a publicar vuestra propia informaci\u00f3n: detalles del vocabulario seleccionado, formatos de publicaci\u00f3n, etc.<\/li>\n<\/ul>\n<p>Creemos que esto puede resultar muy \u00fatil tanto para el consumo interno dentro de vuestras administraciones como para exponer esta informaci\u00f3n dentro de vuestros perfiles del contratante. Por eso os animamos a asistir a las jornadas.<\/p>\n","protected":false},"excerpt":{"rendered":"<p>Publicamos la ontolog\u00eda generada por el grupo de Contrataci\u00f3n P\u00fablica. Es una versi\u00f3n casi definitiva, se est\u00e1n haciendo peque\u00f1as modificaciones al llevarla a la pr\u00e1ctica en los perfiles del contratante de la Diputaci\u00f3n Provincial de Huesca y del Ayuntamiento de &hellip; <a href=\"https:\/\/www.w3.org\/community\/opendataspain\/2014\/05\/16\/grupo-de-contratacion-publica-5\/\">Continue reading <span class=\"meta-nav\">&rarr;<\/span><\/a><\/p>\n","protected":false},"author":424,"featured_media":0,"comment_status":"open","ping_status":"open","sticky":false,"template":"","format":"standard","meta":{"_s2mail":"yes","footnotes":""},"categories":[1],"tags":[],"class_list":["post-265","post","type-post","status-publish","format-standard","hentry","category-general"],"_links":{"self":[{"href":"https:\/\/www.w3.org\/community\/opendataspain\/wp-json\/wp\/v2\/posts\/265","targetHints":{"allow":["GET"]}}],"collection":[{"href":"https:\/\/www.w3.org\/community\/opendataspain\/wp-json\/wp\/v2\/posts"}],"about":[{"href":"https:\/\/www.w3.org\/community\/opendataspain\/wp-json\/wp\/v2\/types\/post"}],"author":[{"embeddable":true,"href":"https:\/\/www.w3.org\/community\/opendataspain\/wp-json\/wp\/v2\/users\/424"}],"replies":[{"embeddable":true,"href":"https:\/\/www.w3.org\/community\/opendataspain\/wp-json\/wp\/v2\/comments?post=265"}],"version-history":[{"count":1,"href":"https:\/\/www.w3.org\/community\/opendataspain\/wp-json\/wp\/v2\/posts\/265\/revisions"}],"predecessor-version":[{"id":266,"href":"https:\/\/www.w3.org\/community\/opendataspain\/wp-json\/wp\/v2\/posts\/265\/revisions\/266"}],"wp:attachment":[{"href":"https:\/\/www.w3.org\/community\/opendataspain\/wp-json\/wp\/v2\/media?parent=265"}],"wp:term":[{"taxonomy":"category","embeddable":true,"href":"https:\/\/www.w3.org\/community\/opendataspain\/wp-json\/wp\/v2\/categories?post=265"},{"taxonomy":"post_tag","embeddable":true,"href":"https:\/\/www.w3.org\/community\/opendataspain\/wp-json\/wp\/v2\/tags?post=265"}],"curies":[{"name":"wp","href":"https:\/\/api.w.org\/{rel}","templated":true}]}}